{"id":1036,"date":"2021-06-26T20:39:09","date_gmt":"2021-06-26T21:39:09","guid":{"rendered":"http:\/\/lorsheijd.de\/?p=1036"},"modified":"2021-07-28T12:33:48","modified_gmt":"2021-07-28T13:33:48","slug":"fahrradtour-benz-und-mellenthin","status":"publish","type":"post","link":"https:\/\/lorsheijd.de\/?p=1036","title":{"rendered":"Fahrradtour Benz und Mellenthin"},"content":{"rendered":"<p>Am zweiten Tag haben wir uns auf die Ebikes geschwungen und sind Richtung Benz gefahren. da haben wir an der alte Kirche gefr\u00fchst\u00fcckt.<\/p>\n<figure id=\"attachment_1037\" aria-describedby=\"caption-attachment-1037\" style=\"width: 225px\" class=\"wp-caption aligncenter\"><a href=\"https:\/\/lorsheijd.de\/wp-content\/uploads\/2021\/07\/2021-06-26-10.29.12-scaled.jpg\"><img loading=\"lazy\" class=\"size-medium wp-image-1037\" src=\"https:\/\/lorsheijd.de\/wp-content\/uploads\/2021\/07\/2021-06-26-10.29.12-225x300.jpg\" alt=\"\" width=\"225\" height=\"300\" srcset=\"https:\/\/lorsheijd.de\/wp-content\/uploads\/2021\/07\/2021-06-26-10.29.12-225x300.jpg 225w, https:\/\/lorsheijd.de\/wp-content\/uploads\/2021\/07\/2021-06-26-10.29.12-768x1024.jpg 768w, https:\/\/lorsheijd.de\/wp-content\/uploads\/2021\/07\/2021-06-26-10.29.12-1152x1536.jpg 1152w, https:\/\/lorsheijd.de\/wp-content\/uploads\/2021\/07\/2021-06-26-10.29.12-1536x2048.jpg 1536w, https:\/\/lorsheijd.de\/wp-content\/uploads\/2021\/07\/2021-06-26-10.29.12-1200x1600.jpg 1200w, https:\/\/lorsheijd.de\/wp-content\/uploads\/2021\/07\/2021-06-26-10.29.12-scaled.jpg 1920w\" sizes=\"(max-width: 225px) 85vw, 225px\" \/><\/a><figcaption id=\"caption-attachment-1037\" class=\"wp-caption-text\">Kirche in Benz<\/figcaption><\/figure>\n<p>Weiter ging es dann Richtung Neppermin und Balm, am Achterwasser entlang, bis wir in Mellenthin ankamen. Da sind wir um das Wasserschlo\u00df gelaufen und haben einen Kaffee getrunken.<\/p>\n<figure id=\"attachment_1038\" aria-describedby=\"caption-attachment-1038\" style=\"width: 300px\" class=\"wp-caption aligncenter\"><a href=\"https:\/\/lorsheijd.de\/wp-content\/uploads\/2021\/07\/2021-06-26-12.03.33-klein-scaled.jpg\"><img loading=\"lazy\" class=\"size-medium wp-image-1038\" src=\"https:\/\/lorsheijd.de\/wp-content\/uploads\/2021\/07\/2021-06-26-12.03.33-klein-300x225.jpg\" alt=\"\" width=\"300\" height=\"225\" srcset=\"https:\/\/lorsheijd.de\/wp-content\/uploads\/2021\/07\/2021-06-26-12.03.33-klein-300x225.jpg 300w, https:\/\/lorsheijd.de\/wp-content\/uploads\/2021\/07\/2021-06-26-12.03.33-klein-1024x768.jpg 1024w, https:\/\/lorsheijd.de\/wp-content\/uploads\/2021\/07\/2021-06-26-12.03.33-klein-768x576.jpg 768w, https:\/\/lorsheijd.de\/wp-content\/uploads\/2021\/07\/2021-06-26-12.03.33-klein-1536x1152.jpg 1536w, https:\/\/lorsheijd.de\/wp-content\/uploads\/2021\/07\/2021-06-26-12.03.33-klein-2048x1536.jpg 2048w, https:\/\/lorsheijd.de\/wp-content\/uploads\/2021\/07\/2021-06-26-12.03.33-klein-1200x900.jpg 1200w\" sizes=\"(max-width: 300px) 85vw, 300px\" \/><\/a><figcaption id=\"caption-attachment-1038\" class=\"wp-caption-text\">Gutshof in Mellenthin<\/figcaption><\/figure>\n<p>Dann sind wir \u00fcber (abenteuerliche) Feldwege wieder zur\u00fcck nach Ahlbeck und haben die R\u00e4der wieder abgegeben.<\/p>\n<figure id=\"attachment_1039\" aria-describedby=\"caption-attachment-1039\" style=\"width: 300px\" class=\"wp-caption aligncenter\"><a href=\"https:\/\/lorsheijd.de\/wp-content\/uploads\/2021\/07\/2021-06-26-13.43.20-klein.jpg\"><img loading=\"lazy\" class=\"size-medium wp-image-1039\" src=\"https:\/\/lorsheijd.de\/wp-content\/uploads\/2021\/07\/2021-06-26-13.43.20-klein-300x225.jpg\" alt=\"\" width=\"300\" height=\"225\" srcset=\"https:\/\/lorsheijd.de\/wp-content\/uploads\/2021\/07\/2021-06-26-13.43.20-klein-300x225.jpg 300w, https:\/\/lorsheijd.de\/wp-content\/uploads\/2021\/07\/2021-06-26-13.43.20-klein-1024x768.jpg 1024w, https:\/\/lorsheijd.de\/wp-content\/uploads\/2021\/07\/2021-06-26-13.43.20-klein-768x576.jpg 768w, https:\/\/lorsheijd.de\/wp-content\/uploads\/2021\/07\/2021-06-26-13.43.20-klein-1536x1152.jpg 1536w, https:\/\/lorsheijd.de\/wp-content\/uploads\/2021\/07\/2021-06-26-13.43.20-klein-1200x900.jpg 1200w, https:\/\/lorsheijd.de\/wp-content\/uploads\/2021\/07\/2021-06-26-13.43.20-klein.jpg 2000w\" sizes=\"(max-width: 300px) 85vw, 300px\" \/><\/a><figcaption id=\"caption-attachment-1039\" class=\"wp-caption-text\">Am Wegesrand<\/figcaption><\/figure>\n<p>Wieder ein sehr sch\u00f6nen Tag!<\/p>\n<p><iframe loading=\"lazy\" width=\"560\" height=\"315\" src=\"https:\/\/www.youtube.com\/embed\/rVCzqlcJ2P4\" title=\"YouTube video player\" frameborder=\"0\" allow=\"accelerometer; autoplay; clipboard-write; encrypted-media; gyroscope; picture-in-picture\" allowfullscreen><\/iframe><\/p>\n","protected":false},"excerpt":{"rendered":"<p>Am zweiten Tag haben wir uns auf die Ebikes geschwungen und sind Richtung Benz gefahren. da haben wir an der alte Kirche gefr\u00fchst\u00fcckt. Weiter ging es dann Richtung Neppermin und Balm, am Achterwasser entlang, bis wir in Mellenthin ankamen. Da sind wir um das Wasserschlo\u00df gelaufen und haben einen Kaffee getrunken. Dann sind wir \u00fcber &hellip; <a href=\"https:\/\/lorsheijd.de\/?p=1036\" class=\"more-link\"><span class=\"screen-reader-text\">&#8222;Fahrradtour Benz und Mellenthin&#8220; <\/span>weiterlesen<\/a><\/p>\n","protected":false},"author":1,"featured_media":0,"comment_status":"closed","ping_status":"open","sticky":false,"template":"","format":"standard","meta":[],"categories":[236,173,6],"tags":[],"_links":{"self":[{"href":"https:\/\/lorsheijd.de\/index.php?rest_route=\/wp\/v2\/posts\/1036"}],"collection":[{"href":"https:\/\/lorsheijd.de\/index.php?rest_route=\/wp\/v2\/posts"}],"about":[{"href":"https:\/\/lorsheijd.de\/index.php?rest_route=\/wp\/v2\/types\/post"}],"author":[{"embeddable":true,"href":"https:\/\/lorsheijd.de\/index.php?rest_route=\/wp\/v2\/users\/1"}],"replies":[{"embeddable":true,"href":"https:\/\/lorsheijd.de\/index.php?rest_route=%2Fwp%2Fv2%2Fcomments&post=1036"}],"version-history":[{"count":3,"href":"https:\/\/lorsheijd.de\/index.php?rest_route=\/wp\/v2\/posts\/1036\/revisions"}],"predecessor-version":[{"id":1048,"href":"https:\/\/lorsheijd.de\/index.php?rest_route=\/wp\/v2\/posts\/1036\/revisions\/1048"}],"wp:attachment":[{"href":"https:\/\/lorsheijd.de\/index.php?rest_route=%2Fwp%2Fv2%2Fmedia&parent=1036"}],"wp:term":[{"taxonomy":"category","embeddable":true,"href":"https:\/\/lorsheijd.de\/index.php?rest_route=%2Fwp%2Fv2%2Fcategories&post=1036"},{"taxonomy":"post_tag","embeddable":true,"href":"https:\/\/lorsheijd.de\/index.php?rest_route=%2Fwp%2Fv2%2Ftags&post=1036"}],"curies":[{"name":"wp","href":"https:\/\/api.w.org\/{rel}","templated":true}]}}