{"id":275,"date":"2003-08-17T12:24:37","date_gmt":"2003-08-17T13:24:37","guid":{"rendered":"http:\/\/lorsheijd.de\/?p=275"},"modified":"2013-10-22T12:25:14","modified_gmt":"2013-10-22T13:25:14","slug":"sommerurlaub-2003-in-frankreich","status":"publish","type":"post","link":"https:\/\/lorsheijd.de\/?p=275","title":{"rendered":"Sommerurlaub 2003 in Frankreich"},"content":{"rendered":"<p><em>27. Juli &#8211; 17. August<\/em><\/p>\n<figure id=\"attachment_276\" aria-describedby=\"caption-attachment-276\" style=\"width: 600px\" class=\"wp-caption aligncenter\"><a href=\"https:\/\/lorsheijd.de\/wp-content\/uploads\/2013\/10\/2003-08_frankreich_01.jpg\"><img loading=\"lazy\" class=\"size-full wp-image-276 \" alt=\"Grenoble\" src=\"https:\/\/lorsheijd.de\/wp-content\/uploads\/2013\/10\/2003-08_frankreich_01.jpg\" width=\"600\" height=\"450\" srcset=\"https:\/\/lorsheijd.de\/wp-content\/uploads\/2013\/10\/2003-08_frankreich_01.jpg 600w, https:\/\/lorsheijd.de\/wp-content\/uploads\/2013\/10\/2003-08_frankreich_01-300x225.jpg 300w\" sizes=\"(max-width: 709px) 85vw, (max-width: 909px) 67vw, (max-width: 984px) 61vw, (max-width: 1362px) 45vw, 600px\" \/><\/a><figcaption id=\"caption-attachment-276\" class=\"wp-caption-text\">Grenoble<\/figcaption><\/figure>\n<p>Das Campanile Hotel &#8211; unterste Schublade &#8211; Dreckig war&#8217;s &#8211; nur 2 Handt\u00fccher vor 4 Personen (nach Beschwerde gab es dann noch 2) &#8211; aber wie sagt man so sch\u00f6n: Es gibt kein schlechte Hotels, es gibt nur schlechte Laune.<\/p>\n<figure id=\"attachment_277\" aria-describedby=\"caption-attachment-277\" style=\"width: 600px\" class=\"wp-caption aligncenter\"><a href=\"https:\/\/lorsheijd.de\/wp-content\/uploads\/2013\/10\/2003-08_frankreich_02.jpg\"><img loading=\"lazy\" class=\"size-full wp-image-277\" alt=\"Avignon\" src=\"https:\/\/lorsheijd.de\/wp-content\/uploads\/2013\/10\/2003-08_frankreich_02.jpg\" width=\"600\" height=\"450\" srcset=\"https:\/\/lorsheijd.de\/wp-content\/uploads\/2013\/10\/2003-08_frankreich_02.jpg 600w, https:\/\/lorsheijd.de\/wp-content\/uploads\/2013\/10\/2003-08_frankreich_02-300x225.jpg 300w\" sizes=\"(max-width: 709px) 85vw, (max-width: 909px) 67vw, (max-width: 984px) 61vw, (max-width: 1362px) 45vw, 600px\" \/><\/a><figcaption id=\"caption-attachment-277\" class=\"wp-caption-text\">Avignon<\/figcaption><\/figure>\n<p>Stadt der Papste &#8211; sehr sch\u00f6n zum bummeln und die franz\u00f6sische Atmosphere zu schnuppern.<\/p>\n<figure id=\"attachment_278\" aria-describedby=\"caption-attachment-278\" style=\"width: 600px\" class=\"wp-caption aligncenter\"><a href=\"https:\/\/lorsheijd.de\/wp-content\/uploads\/2013\/10\/2003-08_frankreich_03.jpg\"><img loading=\"lazy\" class=\"size-full wp-image-278 \" title=\"Rue de la Lilas, Thuir\" alt=\"Rue de la Lilas, Thuir\" src=\"https:\/\/lorsheijd.de\/wp-content\/uploads\/2013\/10\/2003-08_frankreich_03.jpg\" width=\"600\" height=\"450\" srcset=\"https:\/\/lorsheijd.de\/wp-content\/uploads\/2013\/10\/2003-08_frankreich_03.jpg 600w, https:\/\/lorsheijd.de\/wp-content\/uploads\/2013\/10\/2003-08_frankreich_03-300x225.jpg 300w\" sizes=\"(max-width: 709px) 85vw, (max-width: 909px) 67vw, (max-width: 984px) 61vw, (max-width: 1362px) 45vw, 600px\" \/><\/a><figcaption id=\"caption-attachment-278\" class=\"wp-caption-text\">Rue de la Lilas, Thuir<\/figcaption><\/figure>\n<p>Unser Domizil in der Rue de la Lilas bei Madame Maso.<\/p>\n<figure id=\"attachment_279\" aria-describedby=\"caption-attachment-279\" style=\"width: 600px\" class=\"wp-caption aligncenter\"><a href=\"https:\/\/lorsheijd.de\/wp-content\/uploads\/2013\/10\/2003-08_frankreich_04.jpg\"><img loading=\"lazy\" class=\"size-full wp-image-279\" alt=\"Thuir \" src=\"https:\/\/lorsheijd.de\/wp-content\/uploads\/2013\/10\/2003-08_frankreich_04.jpg\" width=\"600\" height=\"450\" srcset=\"https:\/\/lorsheijd.de\/wp-content\/uploads\/2013\/10\/2003-08_frankreich_04.jpg 600w, https:\/\/lorsheijd.de\/wp-content\/uploads\/2013\/10\/2003-08_frankreich_04-300x225.jpg 300w\" sizes=\"(max-width: 709px) 85vw, (max-width: 909px) 67vw, (max-width: 984px) 61vw, (max-width: 1362px) 45vw, 600px\" \/><\/a><figcaption id=\"caption-attachment-279\" class=\"wp-caption-text\">Thuir<\/figcaption><\/figure>\n<p>Gemeinsames Essen im Garten der Schunterm\u00e4nner.<br \/>\nEs war gut das wir unser Sonnensegel dabei hatten &#8211; die Temperaturen stiegen oft \u00fcber 40\u00ba.<\/p>\n<figure id=\"attachment_280\" aria-describedby=\"caption-attachment-280\" style=\"width: 600px\" class=\"wp-caption aligncenter\"><a href=\"https:\/\/lorsheijd.de\/wp-content\/uploads\/2013\/10\/2003-08_frankreich_05.jpg\"><img loading=\"lazy\" class=\"size-full wp-image-280\" alt=\"Saint-Cyprien-Plage\" src=\"https:\/\/lorsheijd.de\/wp-content\/uploads\/2013\/10\/2003-08_frankreich_05.jpg\" width=\"600\" height=\"450\" srcset=\"https:\/\/lorsheijd.de\/wp-content\/uploads\/2013\/10\/2003-08_frankreich_05.jpg 600w, https:\/\/lorsheijd.de\/wp-content\/uploads\/2013\/10\/2003-08_frankreich_05-300x225.jpg 300w\" sizes=\"(max-width: 709px) 85vw, (max-width: 909px) 67vw, (max-width: 984px) 61vw, (max-width: 1362px) 45vw, 600px\" \/><\/a><figcaption id=\"caption-attachment-280\" class=\"wp-caption-text\">Saint-Cyprien-Plage<\/figcaption><\/figure>\n<p>Dann war es gut das das Mittelmeerstrand nicht so weit weg war. Ein sprung ins lauwarme Wasser k\u00fchlte dann doch ab.<\/p>\n<figure id=\"attachment_281\" aria-describedby=\"caption-attachment-281\" style=\"width: 600px\" class=\"wp-caption aligncenter\"><a href=\"https:\/\/lorsheijd.de\/wp-content\/uploads\/2013\/10\/2003-08_frankreich_06.jpg\"><img loading=\"lazy\" class=\"size-full wp-image-281\" alt=\"Anne sur le Mer\" src=\"https:\/\/lorsheijd.de\/wp-content\/uploads\/2013\/10\/2003-08_frankreich_06.jpg\" width=\"600\" height=\"450\" srcset=\"https:\/\/lorsheijd.de\/wp-content\/uploads\/2013\/10\/2003-08_frankreich_06.jpg 600w, https:\/\/lorsheijd.de\/wp-content\/uploads\/2013\/10\/2003-08_frankreich_06-300x225.jpg 300w\" sizes=\"(max-width: 709px) 85vw, (max-width: 909px) 67vw, (max-width: 984px) 61vw, (max-width: 1362px) 45vw, 600px\" \/><\/a><figcaption id=\"caption-attachment-281\" class=\"wp-caption-text\">Anne sur le Mer<\/figcaption><\/figure>\n<p>Auch Anne hatte keine Probleme mit den Wellen<\/p>\n<figure id=\"attachment_282\" aria-describedby=\"caption-attachment-282\" style=\"width: 600px\" class=\"wp-caption aligncenter\"><a href=\"https:\/\/lorsheijd.de\/wp-content\/uploads\/2013\/10\/2003-08_frankreich_07.jpg\"><img loading=\"lazy\" class=\"size-full wp-image-282\" alt=\"Andorra\" src=\"https:\/\/lorsheijd.de\/wp-content\/uploads\/2013\/10\/2003-08_frankreich_07.jpg\" width=\"600\" height=\"450\" srcset=\"https:\/\/lorsheijd.de\/wp-content\/uploads\/2013\/10\/2003-08_frankreich_07.jpg 600w, https:\/\/lorsheijd.de\/wp-content\/uploads\/2013\/10\/2003-08_frankreich_07-300x225.jpg 300w\" sizes=\"(max-width: 709px) 85vw, (max-width: 909px) 67vw, (max-width: 984px) 61vw, (max-width: 1362px) 45vw, 600px\" \/><\/a><figcaption id=\"caption-attachment-282\" class=\"wp-caption-text\">Andorra<\/figcaption><\/figure>\n<p><span style=\"line-height: 1.714285714; font-size: 1rem;\">Konsum mitten in ein wunderbare Bergwelt auf 2200M.<\/span><\/p>\n<figure id=\"attachment_283\" aria-describedby=\"caption-attachment-283\" style=\"width: 600px\" class=\"wp-caption aligncenter\"><a href=\"https:\/\/lorsheijd.de\/wp-content\/uploads\/2013\/10\/2003-08_frankreich_08.jpg\"><img loading=\"lazy\" class=\"size-full wp-image-283\" alt=\"Aqua Limon\" src=\"https:\/\/lorsheijd.de\/wp-content\/uploads\/2013\/10\/2003-08_frankreich_08.jpg\" width=\"600\" height=\"450\" srcset=\"https:\/\/lorsheijd.de\/wp-content\/uploads\/2013\/10\/2003-08_frankreich_08.jpg 600w, https:\/\/lorsheijd.de\/wp-content\/uploads\/2013\/10\/2003-08_frankreich_08-300x225.jpg 300w\" sizes=\"(max-width: 709px) 85vw, (max-width: 909px) 67vw, (max-width: 984px) 61vw, (max-width: 1362px) 45vw, 600px\" \/><\/a><figcaption id=\"caption-attachment-283\" class=\"wp-caption-text\">Aqua Limon<\/figcaption><\/figure>\n<p>Unter den Linden am Platz in Thuir lies es sich mit ein Cafe au Lait oder Aqua Limon gut aushalten.<\/p>\n<figure id=\"attachment_284\" aria-describedby=\"caption-attachment-284\" style=\"width: 600px\" class=\"wp-caption aligncenter\"><a href=\"https:\/\/lorsheijd.de\/wp-content\/uploads\/2013\/10\/2003-08_frankreich_09.jpg\"><img loading=\"lazy\" class=\"size-full wp-image-284\" alt=\"Barcelona\" src=\"https:\/\/lorsheijd.de\/wp-content\/uploads\/2013\/10\/2003-08_frankreich_09.jpg\" width=\"600\" height=\"450\" srcset=\"https:\/\/lorsheijd.de\/wp-content\/uploads\/2013\/10\/2003-08_frankreich_09.jpg 600w, https:\/\/lorsheijd.de\/wp-content\/uploads\/2013\/10\/2003-08_frankreich_09-300x225.jpg 300w\" sizes=\"(max-width: 709px) 85vw, (max-width: 909px) 67vw, (max-width: 984px) 61vw, (max-width: 1362px) 45vw, 600px\" \/><\/a><figcaption id=\"caption-attachment-284\" class=\"wp-caption-text\">Barcelona<\/figcaption><\/figure>\n<p><span style=\"line-height: 1.714285714; font-size: 1rem;\">Bei 41\u00ba diese Stadt anzugucken war eine richtige herausforderung.<\/span><br \/>\nDie Sicht auf der Stadt von dem Montju\u00eec bezaubernd, das anschlie\u00dfende Bad in ein Springbrunnen notwendig.<\/p>\n<figure id=\"attachment_285\" aria-describedby=\"caption-attachment-285\" style=\"width: 600px\" class=\"wp-caption aligncenter\"><a href=\"https:\/\/lorsheijd.de\/wp-content\/uploads\/2013\/10\/2003-08_frankreich_10.jpg\"><img loading=\"lazy\" class=\"size-full wp-image-285\" alt=\"Collioure\" src=\"https:\/\/lorsheijd.de\/wp-content\/uploads\/2013\/10\/2003-08_frankreich_10.jpg\" width=\"600\" height=\"450\" srcset=\"https:\/\/lorsheijd.de\/wp-content\/uploads\/2013\/10\/2003-08_frankreich_10.jpg 600w, https:\/\/lorsheijd.de\/wp-content\/uploads\/2013\/10\/2003-08_frankreich_10-300x225.jpg 300w\" sizes=\"(max-width: 709px) 85vw, (max-width: 909px) 67vw, (max-width: 984px) 61vw, (max-width: 1362px) 45vw, 600px\" \/><\/a><figcaption id=\"caption-attachment-285\" class=\"wp-caption-text\">Collioure<\/figcaption><\/figure>\n<p>In ein Cafe am Strand. Aussicht auf dem malerischen Wehrkirche &#8211; Motiv viele mittelm\u00e4\u00dfigen Maler.<\/p>\n<figure id=\"attachment_286\" aria-describedby=\"caption-attachment-286\" style=\"width: 600px\" class=\"wp-caption aligncenter\"><a href=\"https:\/\/lorsheijd.de\/wp-content\/uploads\/2013\/10\/2003-08_frankreich_11.jpg\"><img loading=\"lazy\" class=\"size-full wp-image-286\" alt=\"Canigou\" src=\"https:\/\/lorsheijd.de\/wp-content\/uploads\/2013\/10\/2003-08_frankreich_11.jpg\" width=\"600\" height=\"450\" srcset=\"https:\/\/lorsheijd.de\/wp-content\/uploads\/2013\/10\/2003-08_frankreich_11.jpg 600w, https:\/\/lorsheijd.de\/wp-content\/uploads\/2013\/10\/2003-08_frankreich_11-300x225.jpg 300w\" sizes=\"(max-width: 709px) 85vw, (max-width: 909px) 67vw, (max-width: 984px) 61vw, (max-width: 1362px) 45vw, 600px\" \/><\/a><figcaption id=\"caption-attachment-286\" class=\"wp-caption-text\">Canigou<\/figcaption><\/figure>\n<p><span style=\"line-height: 1.714285714; font-size: 1rem;\">Da haben wir uns zwei Stunden in ein klapperiger 4&#215;4 Jeep ein Berg hochfahren lassen (frage nicht &#8211; mir wird noch immer schlecht)<\/span><\/p>\n<figure id=\"attachment_287\" aria-describedby=\"caption-attachment-287\" style=\"width: 600px\" class=\"wp-caption aligncenter\"><a href=\"https:\/\/lorsheijd.de\/wp-content\/uploads\/2013\/10\/2003-08_frankreich_12.jpg\"><img loading=\"lazy\" class=\"size-full wp-image-287\" alt=\"Carcassone\" src=\"https:\/\/lorsheijd.de\/wp-content\/uploads\/2013\/10\/2003-08_frankreich_12.jpg\" width=\"600\" height=\"450\" srcset=\"https:\/\/lorsheijd.de\/wp-content\/uploads\/2013\/10\/2003-08_frankreich_12.jpg 600w, https:\/\/lorsheijd.de\/wp-content\/uploads\/2013\/10\/2003-08_frankreich_12-300x225.jpg 300w\" sizes=\"(max-width: 709px) 85vw, (max-width: 909px) 67vw, (max-width: 984px) 61vw, (max-width: 1362px) 45vw, 600px\" \/><\/a><figcaption id=\"caption-attachment-287\" class=\"wp-caption-text\">Carcassone<\/figcaption><\/figure>\n<p><span style=\"line-height: 1.714285714; font-size: 1rem;\">Eine indruckweckende Stadt &#8211; ohne die vielen Spanischen, Italienischen und Amerikanischen &#8211; Dicke &#8211; Touristen noch mal um ein Faktor 10 sch\u00f6ner.<\/span><\/p>\n<p>Hei\u00df, oja, sehr hei\u00df&#8230;<\/p>\n","protected":false},"excerpt":{"rendered":"<p>27. Juli &#8211; 17. August Das Campanile Hotel &#8211; unterste Schublade &#8211; Dreckig war&#8217;s &#8211; nur 2 Handt\u00fccher vor 4 Personen (nach Beschwerde gab es dann noch 2) &#8211; aber wie sagt man so sch\u00f6n: Es gibt kein schlechte Hotels, es gibt nur schlechte Laune. Stadt der Papste &#8211; sehr sch\u00f6n zum bummeln und die &hellip; <a href=\"https:\/\/lorsheijd.de\/?p=275\" class=\"more-link\"><span class=\"screen-reader-text\">&#8222;Sommerurlaub 2003 in Frankreich&#8220; <\/span>weiterlesen<\/a><\/p>\n","protected":false},"author":1,"featured_media":0,"comment_status":"open","ping_status":"open","sticky":false,"template":"","format":"standard","meta":[],"categories":[83,6],"tags":[89,86,90,91,88,93,33,87,92,94,84,85,233],"_links":{"self":[{"href":"https:\/\/lorsheijd.de\/index.php?rest_route=\/wp\/v2\/posts\/275"}],"collection":[{"href":"https:\/\/lorsheijd.de\/index.php?rest_route=\/wp\/v2\/posts"}],"about":[{"href":"https:\/\/lorsheijd.de\/index.php?rest_route=\/wp\/v2\/types\/post"}],"author":[{"embeddable":true,"href":"https:\/\/lorsheijd.de\/index.php?rest_route=\/wp\/v2\/users\/1"}],"replies":[{"embeddable":true,"href":"https:\/\/lorsheijd.de\/index.php?rest_route=%2Fwp%2Fv2%2Fcomments&post=275"}],"version-history":[{"count":1,"href":"https:\/\/lorsheijd.de\/index.php?rest_route=\/wp\/v2\/posts\/275\/revisions"}],"predecessor-version":[{"id":288,"href":"https:\/\/lorsheijd.de\/index.php?rest_route=\/wp\/v2\/posts\/275\/revisions\/288"}],"wp:attachment":[{"href":"https:\/\/lorsheijd.de\/index.php?rest_route=%2Fwp%2Fv2%2Fmedia&parent=275"}],"wp:term":[{"taxonomy":"category","embeddable":true,"href":"https:\/\/lorsheijd.de\/index.php?rest_route=%2Fwp%2Fv2%2Fcategories&post=275"},{"taxonomy":"post_tag","embeddable":true,"href":"https:\/\/lorsheijd.de\/index.php?rest_route=%2Fwp%2Fv2%2Ftags&post=275"}],"curies":[{"name":"wp","href":"https:\/\/api.w.org\/{rel}","templated":true}]}}